{"id":2223,"date":"2015-11-01T07:00:55","date_gmt":"2015-11-01T07:00:55","guid":{"rendered":"https:\/\/blog.davidstea.com\/fr\/?p=2223"},"modified":"2015-10-30T16:54:51","modified_gmt":"2015-10-30T16:54:51","slug":"hefeweizen-aux-bananes-et-noix","status":"publish","type":"post","link":"https:\/\/blog.davidstea.com\/fr\/hefeweizen-aux-bananes-et-noix\/","title":{"rendered":"Hefeweizen aux bananes et noix"},"content":{"rendered":"<p>Si vous avez d\u00e9j\u00e0 entendu parler des bi\u00e8res Hefeweizen, vous savez probablement qu\u2019elles se distinguent par de magnifiques notes de banane et de clou de girofle. Mais ce que vous ignorez peut-\u00eatre, c\u2019est qu\u2019en ajoutant quelques onces de th\u00e9 <u><a href=\"https:\/\/www.davidstea.com\/ca_fr\/pain-aux-bananes-et-noix-3\" target=\"_blank\">Pain aux bananes et noix<\/a><\/u>, vous am\u00e8nerez ces ar\u00f4mes vers de nouveaux sommets\u00a0! Voici comment faire\u00a0:<\/p>\n<p><a href=\"https:\/\/blog.davidstea.com\/fr\/wp-content\/uploads\/2015\/10\/050-BananaNutHefeweizen_pinterest.jpg\"><img loading=\"lazy\" decoding=\"async\" class=\"alignnone size-full wp-image-2235\" src=\"https:\/\/blog.davidstea.com\/fr\/wp-content\/uploads\/2015\/10\/050-BananaNutHefeweizen_pinterest.jpg\" alt=\"Pain aux bananes et noix au Pain aux bananes et noix - Les Th\u00e9s DAVIDsTEA - L'heure du th\u00e9\" width=\"736\" height=\"1102\" srcset=\"https:\/\/blog.davidstea.com\/fr\/wp-content\/uploads\/2015\/10\/050-BananaNutHefeweizen_pinterest.jpg 736w, https:\/\/blog.davidstea.com\/fr\/wp-content\/uploads\/2015\/10\/050-BananaNutHefeweizen_pinterest-200x300.jpg 200w, https:\/\/blog.davidstea.com\/fr\/wp-content\/uploads\/2015\/10\/050-BananaNutHefeweizen_pinterest-684x1024.jpg 684w\" sizes=\"auto, (max-width: 736px) 100vw, 736px\" \/><\/a><\/p>\n<div class=\"recipe-block-svg\">\n    <div class=\"recipe-ct\">\n        <div class=\"gmc-recipe\" id=\"gmc-print-2199\" itemscope itemtype=\"http:\/\/schema.org\/Recipe\" style=\"\">\n        <meta property=\"og:site_name\" content=\"https:\/\/blog.davidstea.com\" \/>\n    <h2 class=\"gmc-recipe-title \" itemprop=\"name\">Hefeweizen aux bananes et noix<\/h2><div class=\"gmc-print-area\">\n        \n            \n                              \n                              \n                                          \n<a class=\"gmc-print-options gmc-print-hidden\" href=\"#\" id=\"gmc-print-text-2199\"><img decoding=\"async\" src=\"https:\/\/blog.davidstea.com\/fr\/wp-content\/plugins\/getmecooking-recipe-template\/images\/print.png\" \/>imprimez<\/a>          <\/div><div class=\"gmc-clear-both\">\n  <\/div><div class=\"gmc-recipe-main-photo\">\n<a class=\"\" href=\"\" rel=\"\">\n          <\/a>  <\/div>        <table class=\"gmc-recipe-summary-narrow no-main-photo\">\n                                                                                                                          <\/table>          \n<div class=\"gmc-recipe-description\" itemprop=\"description\">\n      Si vous avez d\u00e9j\u00e0 entendu parler des bi\u00e8res Hefeweizen, vous savez probablement qu\u2019elles se distinguent par de magnifiques notes de banane et de clou de girofle. Mais ce que vous ignorez peut-\u00eatre, c\u2019est qu\u2019en ajoutant quelques onces de th\u00e9 Pain aux bananes et noix, vous am\u00e8nerez ces ar\u00f4mes vers de nouveaux sommets ! Voici comment faire.\n    <\/div>        \n    <div class=\"gmc-recipe-ingredients\"><h2 class=\"gmc-recipe-subtitle\">ingr\u00e9dients<\/h2>            \n<ul class=\"gmc-ingredient-list\">\n                    \n                                    \n<li class=\"gmc-ingredient-list-item\" itemprop=\"ingredients\">2 Cuill\u00e8res parfaites de th\u00e9 Pain aux bananes et noix<\/li>                                  \n                                    \n<li class=\"gmc-ingredient-list-item\" itemprop=\"ingredients\">1 tasse d\u2019eau chaude<\/li>                                  \n                                    \n<li class=\"gmc-ingredient-list-item\" itemprop=\"ingredients\">2 bouteilles ou cannettes (16 oz chacune) de bi\u00e8re Hefeweizen froides<\/li>                                          <\/ul>                          <\/div>      \n        <div class=\"gmc-recipe-steps\">\n<h2 class=\"gmc-recipe-subtitle\">\n        directions\n      <\/h2>            \n        <table class=\"gmc-step-list\">\n                    \n                                                            <tr>\n<td class=\"gmc-step-list-title\" colspan=\"2\">\n                \u00e9tape 1\n              <\/td>            <\/tr><tr class=\"gmc-step-list-item\">\n                                                        \n                                <td class=\"gmc-step-desc\" itemprop=\"recipeInstructions\">Faire infuser le th\u00e9 de 7 \u00e0 10 minutes et filtrer. <\/td>                          <\/tr>          \n                                                            <tr>\n<td class=\"gmc-step-list-title\" colspan=\"2\">\n                \u00e9tape 2\n              <\/td>            <\/tr><tr class=\"gmc-step-list-item\">\n                                                        \n                                <td class=\"gmc-step-desc\" itemprop=\"recipeInstructions\">Laisser refroidir le th\u00e9 au r\u00e9frig\u00e9rateur pendant au moins 30 minutes, ou jusqu\u2019\u00e0 ce qu\u2019il soit tr\u00e8s froid. <\/td>                          <\/tr>          \n                                                            <tr>\n<td class=\"gmc-step-list-title\" colspan=\"2\">\n                \u00e9tape 3\n              <\/td>            <\/tr><tr class=\"gmc-step-list-item\">\n                                                        \n                                <td class=\"gmc-step-desc\" itemprop=\"recipeInstructions\">Mettre 1,5 oz de th\u00e9 dans deux verres de 16 oz et remplir le reste des verres avec la bi\u00e8re.<\/td>                          <\/tr>                  <\/table>          <\/div>          <\/div>\n<div class=\"gmc-powered-by\">\n    <a href=\"https:\/\/www.getmecooking.com\/wordpress-recipe-plugin\">Powered by GetMeCooking<\/a>\n  <\/div>    <\/div>\n\n    <div class=\"recipe-featured-tea-svg\" style=\"position: relative;\">\n        <h2>Th&eacute; Vedette<\/h2>\n        <div class=\"recipe-side-image\"><a href=\"https:\/\/www.davidstea.com\/ca_fr\/pain-aux-bananes-et-noix-3\u201d\"><img decoding=\"async\" class=\"alignnone\" src=\"https:\/\/www.davidstea.com\/media\/catalog\/product\/1\/0\/10240dt01var004079-bi-1.1136.jpg\" alt=\"featured tea\" \/><\/a><\/div>\n        <h3><a href=\"https:\/\/www.davidstea.com\/ca_fr\/pain-aux-bananes-et-noix-3\u201d\">Pain aux bananes et noix<\/a><\/h3>\n    <\/div>\n    <script type=\"text\/javascript\">\n        var themeUri = \"https:\/\/blog.davidstea.com\/fr\/wp-content\/themes\/canvas-child-davidstea\";\n        var tabcolor = \"fce580\";\n        jQuery('.recipe-block-svg .gmc-recipe-ingredients .gmc-recipe-subtitle').prepend('<object type=\"image\/svg+xml\" data=\"'+ themeUri +'\/images\/recipe-tab.svg?color='+ tabcolor +'\" style=\"position: absolute;height: 28px;z-index: -1;left: -5px;\"><\/object>');\n        jQuery('.recipe-block-svg .gmc-recipe-steps .gmc-recipe-subtitle').prepend('<object type=\"image\/svg+xml\" data=\"'+ themeUri +'\/images\/recipe-tab.svg?color='+ tabcolor +'\" style=\"position: absolute;height: 28px;z-index: -1;left: -5px;\"><\/object>');\n        jQuery('.recipe-block-svg .recipe-featured-tea-svg').prepend('<object type=\"image\/svg+xml\" data=\"'+ themeUri +'\/images\/recipe-tab.svg?color='+ tabcolor +'\" style=\"position: absolute;height: 28px;z-index: -1;left: -5px;\"><\/object>');\n    <\/script>\n<\/div>\n<div style=\"display: block; clear: both;\"><\/div>\n\n","protected":false},"excerpt":{"rendered":"<p>Si vous avez d\u00e9j\u00e0 entendu parler des bi\u00e8res Hefeweizen, vous savez probablement qu\u2019elles se distinguent par de magnifiques notes de banane et de clou de girofle. Mais ce que vous [&hellip;]<\/p>\n","protected":false},"author":3,"featured_media":2234,"comment_status":"open","ping_status":"open","sticky":false,"template":"","format":"standard","meta":{"footnotes":""},"categories":[54],"tags":[277,278,77],"class_list":["post-2223","post","type-post","status-publish","format-standard","has-post-thumbnail","hentry","category-recipes","tag-biere","tag-hefeweizen","tag-recette"],"_links":{"self":[{"href":"https:\/\/blog.davidstea.com\/fr\/wp-json\/wp\/v2\/posts\/2223","targetHints":{"allow":["GET"]}}],"collection":[{"href":"https:\/\/blog.davidstea.com\/fr\/wp-json\/wp\/v2\/posts"}],"about":[{"href":"https:\/\/blog.davidstea.com\/fr\/wp-json\/wp\/v2\/types\/post"}],"author":[{"embeddable":true,"href":"https:\/\/blog.davidstea.com\/fr\/wp-json\/wp\/v2\/users\/3"}],"replies":[{"embeddable":true,"href":"https:\/\/blog.davidstea.com\/fr\/wp-json\/wp\/v2\/comments?post=2223"}],"version-history":[{"count":5,"href":"https:\/\/blog.davidstea.com\/fr\/wp-json\/wp\/v2\/posts\/2223\/revisions"}],"predecessor-version":[{"id":2243,"href":"https:\/\/blog.davidstea.com\/fr\/wp-json\/wp\/v2\/posts\/2223\/revisions\/2243"}],"wp:featuredmedia":[{"embeddable":true,"href":"https:\/\/blog.davidstea.com\/fr\/wp-json\/wp\/v2\/media\/2234"}],"wp:attachment":[{"href":"https:\/\/blog.davidstea.com\/fr\/wp-json\/wp\/v2\/media?parent=2223"}],"wp:term":[{"taxonomy":"category","embeddable":true,"href":"https:\/\/blog.davidstea.com\/fr\/wp-json\/wp\/v2\/categories?post=2223"},{"taxonomy":"post_tag","embeddable":true,"href":"https:\/\/blog.davidstea.com\/fr\/wp-json\/wp\/v2\/tags?post=2223"}],"curies":[{"name":"wp","href":"https:\/\/api.w.org\/{rel}","templated":true}]}}